[{"@context":"https:\/\/schema.org\/","@type":"Article","@id":"https:\/\/www.amistanca.fr\/oc\/condicions-generalas-de-venta\/#Article","mainEntityOfPage":"https:\/\/www.amistanca.fr\/oc\/condicions-generalas-de-venta\/","headline":"Condicions generalas de venta","name":"Condicions generalas de venta","description":"[et_pb_section fb_built=&nbsp;&raquo;1&Prime; _builder_version=&nbsp;&raquo;4.4.6&Prime; custom_padding=&nbsp;&raquo;18px||22px|||&nbsp;&raquo; collapsed=&nbsp;&raquo;off&nbsp;&raquo; global_module=&nbsp;&raquo;240785&Prime;][et_pb_row _builder_version=&nbsp;&raquo;4.4.6&Prime; custom_padding=&nbsp;&raquo;13px||0px|||&nbsp;&raquo;][et_pb_column type=&nbsp;&raquo;4_4&Prime; _builder_version=&nbsp;&raquo;4.4.6&Prime;][et_pb_post_title meta=&nbsp;&raquo;off&nbsp;&raquo; featured_image=&nbsp;&raquo;off&nbsp;&raquo; _builder_version=&nbsp;&raquo;4.4.6&Prime; custom_margin=&nbsp;&raquo;||6px|||&nbsp;&raquo;][\/et_pb_post_title][et_pb_text _builder_version=&nbsp;&raquo;4.4.6&Prime;]https:\/\/www.amistanca.fr Mise \u00e0 jour le 09\/05\/2020 1. DEFINITIONS Chacune des expressions mentionn\u00e9es ci-dessous, qu\u2019elle soit employ\u00e9e au singulier ou au pluriel, aura dans le pr\u00e9sent contrat la signification suivante : \u2022 Conditions G\u00e9n\u00e9rales : d\u00e9signent les pr\u00e9sentes conditions g\u00e9n\u00e9rales de vente. [&hellip;]","datePublished":"2020-05-03","dateModified":"2020-06-02","author":{"@type":"Person","@id":"https:\/\/www.amistanca.fr\/oc\/author\/administrateur64\/#Person","name":"Administrateur64","url":"https:\/\/www.amistanca.fr\/oc\/author\/administrateur64\/","image":{"@type":"ImageObject","@id":"https:\/\/secure.gravatar.com\/avatar\/d4b0260615045383d328d131c3f5f3af?s=96&d=mm&r=g","url":"https:\/\/secure.gravatar.com\/avatar\/d4b0260615045383d328d131c3f5f3af?s=96&d=mm&r=g","height":96,"width":96}},"publisher":{"@type":"Organization","name":"Amistan\u00e7a | Amistanza","logo":{"@type":"ImageObject","@id":"https:\/\/www.amistanca.fr\/wp-content\/uploads\/2020\/06\/logo-Amistanca600.jpg","url":"https:\/\/www.amistanca.fr\/wp-content\/uploads\/2020\/06\/logo-Amistanca600.jpg","width":599,"height":200}},"url":"https:\/\/www.amistanca.fr\/oc\/condicions-generalas-de-venta\/"},{"@context":"https:\/\/schema.org","@type":"BreadcrumbList","itemListElement":[{"@type":"ListItem","position":1,"name":"Condicions generalas de venta","item":"https:\/\/www.amistanca.fr\/oc\/condicions-generalas-de-venta\/#breadcrumbitem"}]}]