[{"@context":"https:\/\/schema.org\/","@type":"BlogPosting","@id":"https:\/\/www.amistanca.fr\/oc\/adishatz\/#BlogPosting","mainEntityOfPage":"https:\/\/www.amistanca.fr\/oc\/adishatz\/","headline":"Adishatz !","name":"Adishatz !","description":"[et_pb_section fb_built=&nbsp;&raquo;1&Prime; _builder_version=&nbsp;&raquo;4.4.6&Prime; background_color=&nbsp;&raquo;rgba(0,0,0,0)&nbsp;&raquo; custom_padding=&nbsp;&raquo;8px|||||&nbsp;&raquo;][et_pb_row _builder_version=&nbsp;&raquo;3.25&Prime; background_size=&nbsp;&raquo;initial&nbsp;&raquo; background_position=&nbsp;&raquo;top_left&nbsp;&raquo; background_repeat=&nbsp;&raquo;repeat&nbsp;&raquo; custom_padding=&nbsp;&raquo;18px|||||&nbsp;&raquo;][et_pb_column type=&nbsp;&raquo;4_4&Prime; _builder_version=&nbsp;&raquo;3.25&Prime; custom_padding=&nbsp;&raquo;|||&nbsp;&raquo; custom_padding__hover=&nbsp;&raquo;|||&nbsp;&raquo;][et_pb_post_title meta=&nbsp;&raquo;off&nbsp;&raquo; featured_image=&nbsp;&raquo;off&nbsp;&raquo; _builder_version=&nbsp;&raquo;4.4.6&Prime; custom_padding=&nbsp;&raquo;|15px||25px|false|false&nbsp;&raquo;][\/et_pb_post_title][et_pb_text _builder_version=&nbsp;&raquo;4.4.6&Prime; background_size=&nbsp;&raquo;initial&nbsp;&raquo; background_position=&nbsp;&raquo;top_left&nbsp;&raquo; background_repeat=&nbsp;&raquo;repeat&nbsp;&raquo; custom_padding=&nbsp;&raquo;|15px||25px|false|false&nbsp;&raquo; hover_enabled=&nbsp;&raquo;0&Prime;]L\u2019associacion Amistan\u00e7a-Amistanza, associacion d\u2019amistat occitano-aragonesa qu\u2019ei basada sus Pau, que tribalha despuish 2002 en lo maine de las musicas actuaus, de man\u00e8ra mei especifica sus las musicas, dan\u00e7as gasconas e aragonesas. En [&hellip;]","datePublished":"2020-05-15","dateModified":"2020-06-25","author":{"@type":"Person","@id":"https:\/\/www.amistanca.fr\/oc\/author\/christian-josue\/#Person","name":"Christian Josu\u00e9","url":"https:\/\/www.amistanca.fr\/oc\/author\/christian-josue\/","image":{"@type":"ImageObject","@id":"https:\/\/secure.gravatar.com\/avatar\/853b35d1a3a764ddd3058e4cb1afd890?s=96&d=mm&r=g","url":"https:\/\/secure.gravatar.com\/avatar\/853b35d1a3a764ddd3058e4cb1afd890?s=96&d=mm&r=g","height":96,"width":96}},"publisher":{"@type":"Organization","name":"Amistan\u00e7a | Amistanza","logo":{"@type":"ImageObject","@id":"https:\/\/www.amistanca.fr\/wp-content\/uploads\/2020\/06\/logo-Amistanca600.jpg","url":"https:\/\/www.amistanca.fr\/wp-content\/uploads\/2020\/06\/logo-Amistanca600.jpg","width":599,"height":200}},"image":{"@type":"ImageObject","@id":"https:\/\/www.amistanca.fr\/wp-content\/uploads\/2020\/04\/logo-Amistanca.png","url":"https:\/\/www.amistanca.fr\/wp-content\/uploads\/2020\/04\/logo-Amistanca.png","height":467,"width":967},"url":"https:\/\/www.amistanca.fr\/oc\/adishatz\/","about":["Actualitat"],"wordCount":423,"articleBody":"\t\t\t\t\t[et_pb_section fb_built=&nbsp;&raquo;1&Prime; _builder_version=&nbsp;&raquo;4.4.6&Prime; background_color=&nbsp;&raquo;rgba(0,0,0,0)&nbsp;&raquo; custom_padding=&nbsp;&raquo;8px|||||&nbsp;&raquo;][et_pb_row _builder_version=&nbsp;&raquo;3.25&Prime; background_size=&nbsp;&raquo;initial&nbsp;&raquo; background_position=&nbsp;&raquo;top_left&nbsp;&raquo; background_repeat=&nbsp;&raquo;repeat&nbsp;&raquo; custom_padding=&nbsp;&raquo;18px|||||&nbsp;&raquo;][et_pb_column type=&nbsp;&raquo;4_4&Prime; _builder_version=&nbsp;&raquo;3.25&Prime; custom_padding=&nbsp;&raquo;|||&nbsp;&raquo; custom_padding__hover=&nbsp;&raquo;|||&nbsp;&raquo;][et_pb_post_title meta=&nbsp;&raquo;off&nbsp;&raquo; featured_image=&nbsp;&raquo;off&nbsp;&raquo; _builder_version=&nbsp;&raquo;4.4.6&Prime; custom_padding=&nbsp;&raquo;|15px||25px|false|false&nbsp;&raquo;][\/et_pb_post_title][et_pb_text _builder_version=&nbsp;&raquo;4.4.6&Prime; background_size=&nbsp;&raquo;initial&nbsp;&raquo; background_position=&nbsp;&raquo;top_left&nbsp;&raquo; background_repeat=&nbsp;&raquo;repeat&nbsp;&raquo; custom_padding=&nbsp;&raquo;|15px||25px|false|false&nbsp;&raquo; hover_enabled=&nbsp;&raquo;0&Prime;]L\u2019associacion Amistan\u00e7a-Amistanza, associacion d\u2019amistat occitano-aragonesa qu\u2019ei basada sus Pau, que tribalha despuish 2002 en lo maine de las musicas actuaus, de man\u00e8ra mei especifica sus las musicas, dan\u00e7as gasconas e aragonesas.En arrecaampar actors culturaus professionaus e amators, que h\u00e8 v\u00e0ler la practica artistica de La Companhia Crestian Josu\u00e8r e de La Companhia de dan\u00e7a \u00ab\u00a0Lo Paulotiau\u00a0\u00bb com las lors activitats en Educacion Artistica e Culturau e\u00a0 los escambis transfrontal\u00e8rs Bearn-Aragon.Qu\u2019intervienem en esc\u00f2las mairaus e primaras, coll\u00e8gis e EHPAD e cap a publics en dificultat, en Educacion Artistica e Culturau. Qu\u2019 i presentam los nostes esp\u00e8ctacles en los adaptar e cream nav\u00e8ras f\u00f2rmas artisticas dab los mainats, los joens o los ancians: esp\u00e8ctacle, bal, film documentari,\u2026La nosta practica qu\u2019ei biling\u00fca franc\u00e9s-occitan.Qu\u2019ei tot a\u00e7\u00f2 qui vatz arretrobar sus aqueste site, las presentacions de las nostas activitats, la lor actualitat, quan e on se passan las causas, dab qui, e tanben documents qui\u2019s van enriquir chic a chic (f\u00f2tos, videos, articles, complements deus discs\u2026) e tot lo resultat deu tribalh noste.Vous poderatz tanben, escotar, crompar\u00a0 los nostes CDs (CD sanc\u00e8r o t\u00edtols en telecargament ) en linha e los rec\u00e9ber per la p\u00f2sta\u00a0 o sus lo voste ordinator.Que\u2019ns poderam contactar, escotar las v\u00f2stas suggestions\u2026.&nbsp;Planvienguts e a h\u00e8ra viste\u00a0![\/et_pb_text][\/et_pb_column][\/et_pb_row][\/et_pb_section]\t\t\t\t"},{"@context":"https:\/\/schema.org\/","@type":"BreadcrumbList","itemListElement":[{"@type":"ListItem","position":1,"name":"Oc","item":"https:\/\/www.amistanca.fr\/oc\/#breadcrumbitem"},{"@type":"ListItem","position":2,"name":"Adishatz !","item":"https:\/\/www.amistanca.fr\/oc\/adishatz\/#breadcrumbitem"}]}]