[{"@context":"https:\/\/schema.org\/","@type":"Article","@id":"https:\/\/www.amistanca.fr\/es\/educacion-artistica-y-cultural-eac\/#Article","mainEntityOfPage":"https:\/\/www.amistanca.fr\/es\/educacion-artistica-y-cultural-eac\/","headline":"Educaci\u00f3n Art\u00edstica y Cultural (EAC)","name":"Educaci\u00f3n Art\u00edstica y Cultural (EAC)","description":"[et_pb_section fb_built=\u00bb1&#8243; _builder_version=\u00bb4.16&#8243; custom_css_main_element=\u00bbdisplay: none !important;\u00bb global_colors_info=\u00bb{}\u00bb][et_pb_row _builder_version=\u00bb4.16&#8243; background_size=\u00bbinitial\u00bb background_position=\u00bbtop_left\u00bb background_repeat=\u00bbrepeat\u00bb global_colors_info=\u00bb{}\u00bb][et_pb_column type=\u00bb4_4&#8243; _builder_version=\u00bb4.16&#8243; custom_padding=\u00bb|||\u00bb global_colors_info=\u00bb{}\u00bb custom_padding__hover=\u00bb|||\u00bb][et_pb_code admin_label=\u00bbCss Code &#8211; DO NOT REMOVE!\u00bb _builder_version=\u00bb4.16&#8243; global_colors_info=\u00bb{}\u00bb].ddd_landing_footer .et_pb_promo a{ display: block; margin-bottom: 10px;}.ddd_landing_footer .et_pb_promo p{ padding-bottom: 0 !important;}.ddd_landing_mission .et_pb_column_1_2 .et_pb_image,.ddd_landing_mission .et_pb_column_1_2 .et_pb_image img{ height: auto !important;}\/* Our Mission 3 Blurbs *\/.our-mission-blurbs .et_pb_blurb_container { padding-left: 37px; padding-right: 37px;}.our-mission-blurbs [&hellip;]","datePublished":"2020-05-10","dateModified":"2026-04-19","author":{"@type":"Person","@id":"https:\/\/www.amistanca.fr\/es\/author\/administrateur64\/#Person","name":"Administrateur64","url":"https:\/\/www.amistanca.fr\/es\/author\/administrateur64\/","image":{"@type":"ImageObject","@id":"https:\/\/secure.gravatar.com\/avatar\/d4b0260615045383d328d131c3f5f3af?s=96&d=mm&r=g","url":"https:\/\/secure.gravatar.com\/avatar\/d4b0260615045383d328d131c3f5f3af?s=96&d=mm&r=g","height":96,"width":96}},"publisher":{"@type":"Organization","name":"Amistan\u00e7a | Amistanza","logo":{"@type":"ImageObject","@id":"https:\/\/www.amistanca.fr\/wp-content\/uploads\/2020\/06\/logo-Amistanca600.jpg","url":"https:\/\/www.amistanca.fr\/wp-content\/uploads\/2020\/06\/logo-Amistanca600.jpg","width":599,"height":200}},"url":"https:\/\/www.amistanca.fr\/es\/educacion-artistica-y-cultural-eac\/","video":{"@context":"http:\/\/schema.org\/","@type":"VideoObject","@id":"https:\/\/www.youtube.com\/watch?v=fRK93dR5lCE#VideoObject","contentUrl":"https:\/\/www.youtube.com\/watch?v=fRK93dR5lCE","name":"L'\u00d2mi Verd : Blad\u00e9 a Bidaishe - Eveniments","description":"\ud83d\udcd7 \ud83d\udc83\ud83c\udfb6 L\u2019\u00f2mi verd : Blad\u00e9 a Bidaishe\n\nQu\u2019ei \u00e7\u00f2 qu\u2019an de comun la musica e dan\u00e7a contemporan\u00e8us, los contes de Blad\u00e9 e la vila de Bidaishe ? \ud83e\udd14\nUn ber\u00f2i proj\u00e8cte EAC dab 40 escolans motivats, solide ! A descobrir suu pic, o sus \u00d2ctele (site e Youtube).\n\nSostiengut per la Region Nav\u00e8ra Aquit\u00e0nia\n______________________________________\n\n\ud83d\udcfa Arretrobatz las darr\u00e8ras emissions e autes programas inedits sus la nosta cadena \u00d2Ctele \nRetrouvez les \u00e9missions et d'autres programmes in\u00e9dits sur notre cha\u00eene \u00d2Ctele : \nhttp:\/\/www.octele.com\/aculhida.html\n\n\ud83d\udcf7 Qu'\u00e8m sus Instagram \/ Nous sommes sur Instagram : \nhttps:\/\/www.instagram.com\/octele.octele\n\n\ud83d\udc4d Qu'\u00e8m sus Facebook \/ Nous sommes sur Facebook : \nhttps:\/\/www.facebook.com\/octele\n\n\ud83d\udcf7 Qu'\u00e8m sus Tiktok \/ Nous sommes sur Tiktok : \nhttps:\/\/www.tiktok.com\/@octele\n\n\ud83e\uddd1\u200d\ud83d\udcbc Qu'\u00e8m sus LinkedIn \/ Nous sommes sur LinkedIn : \nhttps:\/\/www.linkedin.com\/company\/70240048\n\n\ud83d\udc26 Qu'\u00e8m sus Twitter\/X \/ Nous sommes sur Twitter\/X : \nhttps:\/\/twitter.com\/octele\n\n#occitan","thumbnailUrl":["https:\/\/i.ytimg.com\/vi\/fRK93dR5lCE\/default.jpg","https:\/\/i.ytimg.com\/vi\/fRK93dR5lCE\/mqdefault.jpg","https:\/\/i.ytimg.com\/vi\/fRK93dR5lCE\/hqdefault.jpg","https:\/\/i.ytimg.com\/vi\/fRK93dR5lCE\/sddefault.jpg","https:\/\/i.ytimg.com\/vi\/fRK93dR5lCE\/maxresdefault.jpg"],"uploadDate":"2026-02-23T16:08:24+00:00","duration":"PT5M14S","embedUrl":"https:\/\/www.youtube.com\/embed\/fRK93dR5lCE","publisher":{"@type":"Organization","@id":"https:\/\/www.youtube.com\/channel\/UCG0_qtapyqFKtBcGqchh5Aw#Organization","url":"https:\/\/www.youtube.com\/channel\/UCG0_qtapyqFKtBcGqchh5Aw","name":"\u00d2Ctele","description":"La tele 100% en lenga occitana despuish 2013. \nT\u00e0 profieitar de tots los programas d'\u00d2ctele, rendetz-ve sus www.octele.com !\n\nLa t\u00e9l\u00e9 100% en langue occitane depuis 2013.\nPour profiter de tous les programme d'\u00d2Ctele, rendez-vous sur www.octele.com !\n","logo":{"url":"https:\/\/yt3.ggpht.com\/5IVQ7Nt0-hFLRzHfneA3Xea3ZFtCK9iBBFOg9BoO8X5xpMhoVkZPvLHBj717intwFKkIw_b_dms=s800-c-k-c0x00ffffff-no-rj","width":800,"height":800,"@type":"ImageObject","@id":"https:\/\/www.youtube.com\/watch?v=fRK93dR5lCE#VideoObject_publisher_logo_ImageObject"}},"potentialAction":{"@type":"SeekToAction","@id":"https:\/\/www.youtube.com\/watch?v=fRK93dR5lCE#VideoObject_potentialAction","target":"https:\/\/www.youtube.com\/watch?v=fRK93dR5lCE&t={seek_to_second_number}","startOffset-input":"required name=seek_to_second_number"},"interactionStatistic":[[{"@type":"InteractionCounter","@id":"https:\/\/www.youtube.com\/watch?v=fRK93dR5lCE#VideoObject_interactionStatistic_WatchAction","interactionType":{"@type":"WatchAction"},"userInteractionCount":110}],{"@type":"InteractionCounter","@id":"https:\/\/www.youtube.com\/watch?v=fRK93dR5lCE#VideoObject_interactionStatistic_LikeAction","interactionType":{"@type":"LikeAction"},"userInteractionCount":9}]}},{"@context":"https:\/\/schema.org","@type":"BreadcrumbList","itemListElement":[{"@type":"ListItem","position":1,"name":"Educaci\u00f3n Art\u00edstica y Cultural (EAC)","item":"https:\/\/www.amistanca.fr\/es\/educacion-artistica-y-cultural-eac\/#breadcrumbitem"}]}]