[{"@context":"https:\/\/schema.org\/","@type":"Article","@id":"https:\/\/www.amistanca.fr\/es\/dialectiques-du-compas-3\/#Article","mainEntityOfPage":"https:\/\/www.amistanca.fr\/es\/dialectiques-du-compas-3\/","headline":"Dialectiques du comp\u00e1s","name":"Dialectiques du comp\u00e1s","description":"[et_pb_section fb_built=\u00bb1&#8243; _builder_version=\u00bb4.16&#8243; custom_css_main_element=\u00bbdisplay: none !important;\u00bb global_colors_info=\u00bb{}\u00bb][et_pb_row _builder_version=\u00bb4.16&#8243; background_size=\u00bbinitial\u00bb background_position=\u00bbtop_left\u00bb background_repeat=\u00bbrepeat\u00bb global_colors_info=\u00bb{}\u00bb][et_pb_column type=\u00bb4_4&#8243; _builder_version=\u00bb4.16&#8243; custom_padding=\u00bb|||\u00bb global_colors_info=\u00bb{}\u00bb custom_padding__hover=\u00bb|||\u00bb][et_pb_code admin_label=\u00bbCss Code &#8211; DO NOT REMOVE!\u00bb _builder_version=\u00bb4.16&#8243; global_colors_info=\u00bb{}\u00bb].ddd_landing_footer .et_pb_promo a{ display: block; margin-bottom: 10px;}.ddd_landing_footer .et_pb_promo p{ padding-bottom: 0 !important;}.ddd_landing_mission .et_pb_column_1_2 .et_pb_image,.ddd_landing_mission .et_pb_column_1_2 .et_pb_image img{ height: auto !important;}\/* Our Mission 3 Blurbs *\/.our-mission-blurbs .et_pb_blurb_container { padding-left: 37px; padding-right: 37px;}.our-mission-blurbs [&hellip;]","datePublished":"2024-04-15","dateModified":"2024-05-23","author":{"@type":"Person","@id":"https:\/\/www.amistanca.fr\/es\/author\/christian-josue\/#Person","name":"Christian Josu\u00e9","url":"https:\/\/www.amistanca.fr\/es\/author\/christian-josue\/","image":{"@type":"ImageObject","@id":"https:\/\/secure.gravatar.com\/avatar\/853b35d1a3a764ddd3058e4cb1afd890?s=96&d=mm&r=g","url":"https:\/\/secure.gravatar.com\/avatar\/853b35d1a3a764ddd3058e4cb1afd890?s=96&d=mm&r=g","height":96,"width":96}},"publisher":{"@type":"Organization","name":"Amistan\u00e7a | Amistanza","logo":{"@type":"ImageObject","@id":"https:\/\/www.amistanca.fr\/wp-content\/uploads\/2020\/06\/logo-Amistanca600.jpg","url":"https:\/\/www.amistanca.fr\/wp-content\/uploads\/2020\/06\/logo-Amistanca600.jpg","width":599,"height":200}},"url":"https:\/\/www.amistanca.fr\/es\/dialectiques-du-compas-3\/","video":{"@context":"http:\/\/schema.org\/","@type":"VideoObject","@id":"https:\/\/www.youtube.com\/watch?v=x_FV6ci989E#VideoObject","contentUrl":"https:\/\/www.youtube.com\/watch?v=x_FV6ci989E","name":"A oscuras - Ma\u00ebl Goldwaser et Fr\u00e9d\u00e9ric Cavallin","description":"Composition et guitare : Ma\u00ebl Goldwaser\nTabla et arrangement : Fr\u00e9d\u00e9ric Cavallin\n\nPrise de son et mixage : Serge Faubert\nMastering : Laurent Marc\nCaptation vid\u00e9o : Pierre Campistron\nLumi\u00e8re : Typhaine Steiner\n\nMerci \u00e0 toutes les personnes qui ont rendu possible l'\u00e9closion de cette musique : la Cave Po\u00e9sie Ren\u00e9 Gouzenne de Toulouse qui soutient le duo, l'Espace Culturel de Chaillol qui a accueilli Ma\u00ebl en r\u00e9sidence de cr\u00e9ation lors de laquelle a \u00e9t\u00e9 compos\u00e9 ce morceau, la FAMDT qui a permis \u00e0 Ma\u00ebl d'\u00e9tudier aupr\u00e8s du percussionniste Prabhu Edouard, Prabhu pour la passion avec laquelle il transmet ses connaissances et ses id\u00e9es. Fr\u00e9d\u00e9ric Cavallin remercie \u00e9galement Debashish Brahmachari pour la richesse de son enseignement et ses retours \u00e9clair\u00e9s.","thumbnailUrl":["https:\/\/i.ytimg.com\/vi\/x_FV6ci989E\/default.jpg","https:\/\/i.ytimg.com\/vi\/x_FV6ci989E\/mqdefault.jpg","https:\/\/i.ytimg.com\/vi\/x_FV6ci989E\/hqdefault.jpg","https:\/\/i.ytimg.com\/vi\/x_FV6ci989E\/sddefault.jpg","https:\/\/i.ytimg.com\/vi\/x_FV6ci989E\/maxresdefault.jpg"],"uploadDate":"2023-04-19T11:25:43+00:00","duration":"PT6M25S","embedUrl":"https:\/\/www.youtube.com\/embed\/x_FV6ci989E","publisher":{"@type":"Organization","@id":"https:\/\/www.youtube.com\/channel\/UCnYlbjBeV6GpsuyiGOr13zQ#Organization","url":"https:\/\/www.youtube.com\/channel\/UCnYlbjBeV6GpsuyiGOr13zQ","name":"Ma\u00ebl Goldwaser","description":"Mae\u0308l Goldwaser est un guitariste flamenco franc\u0327ais ne\u0301 en 1992. Il a e\u0301tudie\u0301 la guitare flamenca aupre\u0300s de professeurs renomme\u0301s tels que Jose\u0301 Antonio Rodri\u0301guez, Manolo Sanlu\u0301car, Juan Manuel Can\u0303izares ou Kiko Ruiz. Il est titulaire du Diplo\u0302me d\u2019Etat de professeur de musiques traditionnelles ainsi que d\u2019un Master de recherche en musicologie. Son travail de guitariste soliste a e\u0301te\u0301 re\u0301compense\u0301 par deux prix internationaux : 1er prix au concours d\u2019Albi et 3\u00e8me prix au Certamen Internacional de l\u2019Hospitalitet.\n\nMa\u00ebl Goldwaser es un guitarrista flamenco procedente de Francia nacido en 1992. Estudi\u00f3 guitarra flamenca con profesores de renombre como Jos\u00e9 Antonio Rodr\u00edguez, Manolo Sanl\u00facar, Juan Manuel Ca\u00f1izares o Kiko Ruiz. Es titular de un Diploma de Estado de profesor de m\u00fasicas tradicionales y de un Master de investigaci\u00f3n en musicolog\u00eda. Su labor como guitarrista solista fue reconocida con dos premios internacionales.","logo":{"url":"https:\/\/yt3.ggpht.com\/rPsirPohJ4KviqEtOGqG25M8-QUIY1lfjczFLciNfSsW5R1V3--GnewQZ8Fhm84ISzhZZnCWWQ=s800-c-k-c0x00ffffff-no-rj","width":800,"height":800,"@type":"ImageObject","@id":"https:\/\/www.youtube.com\/watch?v=x_FV6ci989E#VideoObject_publisher_logo_ImageObject"}},"potentialAction":{"@type":"SeekToAction","@id":"https:\/\/www.youtube.com\/watch?v=x_FV6ci989E#VideoObject_potentialAction","target":"https:\/\/www.youtube.com\/watch?v=x_FV6ci989E&t={seek_to_second_number}","startOffset-input":"required name=seek_to_second_number"},"interactionStatistic":[[{"@type":"InteractionCounter","@id":"https:\/\/www.youtube.com\/watch?v=x_FV6ci989E#VideoObject_interactionStatistic_WatchAction","interactionType":{"@type":"WatchAction"},"userInteractionCount":3569}],{"@type":"InteractionCounter","@id":"https:\/\/www.youtube.com\/watch?v=x_FV6ci989E#VideoObject_interactionStatistic_LikeAction","interactionType":{"@type":"LikeAction"},"userInteractionCount":39}]}},{"@context":"https:\/\/schema.org","@type":"BreadcrumbList","itemListElement":[{"@type":"ListItem","position":1,"name":"Dialectiques du comp\u00e1s","item":"https:\/\/www.amistanca.fr\/es\/dialectiques-du-compas-3\/#breadcrumbitem"}]}]