[{"@context":"https:\/\/schema.org\/","@type":"BlogPosting","@id":"https:\/\/www.amistanca.fr\/es\/arte-y-cultura-movilizacion-y-cooperacion-contra-covid-19-en-francia\/#BlogPosting","mainEntityOfPage":"https:\/\/www.amistanca.fr\/es\/arte-y-cultura-movilizacion-y-cooperacion-contra-covid-19-en-francia\/","headline":"Arte y cultura movilizaci\u00f3n y cooperaci\u00f3n contra covid-19 en Francia","name":"Arte y cultura movilizaci\u00f3n y cooperaci\u00f3n contra covid-19 en Francia","description":"[et_pb_section fb_built=\u00bb1&#8243; _builder_version=\u00bb4.4.6&#8243; custom_padding=\u00bb8px||6px|||\u00bb background_color=\u00bbrgba(0,0,0,0)\u00bb hover_enabled=\u00bb0&#8243;][et_pb_row _builder_version=\u00bb4.4.6&#8243; custom_padding=\u00bb17px||11px|||\u00bb hover_enabled=\u00bb0&#8243; width=\u00bb100%\u00bb][et_pb_column type=\u00bb4_4&#8243; _builder_version=\u00bb4.4.4&#8243;][et_pb_text _builder_version=\u00bb4.4.6&#8243; custom_padding=\u00bb|15px||25px|false|false\u00bb]Est-ce trop demander que de la coh\u00e9rence, Monsieur le Pr\u00e9sident, Monsieur le Premier Ministre, Monsieur le Ministre ? Depuis les premi\u00e8res restrictions d\u2019activit\u00e9 des salles de spectacle, le 9 mars, les annonces pr\u00e9sidentielles et gouvernementales concernant les activit\u00e9s artistiques et culturelles s&#8217;encha\u00eenent [&hellip;]","datePublished":"2020-05-01","dateModified":"2020-06-25","author":{"@type":"Person","@id":"https:\/\/www.amistanca.fr\/es\/author\/christian-josue\/#Person","name":"Christian Josu\u00e9","url":"https:\/\/www.amistanca.fr\/es\/author\/christian-josue\/","image":{"@type":"ImageObject","@id":"https:\/\/secure.gravatar.com\/avatar\/853b35d1a3a764ddd3058e4cb1afd890?s=96&d=mm&r=g","url":"https:\/\/secure.gravatar.com\/avatar\/853b35d1a3a764ddd3058e4cb1afd890?s=96&d=mm&r=g","height":96,"width":96}},"publisher":{"@type":"Organization","name":"Amistan\u00e7a | Amistanza","logo":{"@type":"ImageObject","@id":"https:\/\/www.amistanca.fr\/wp-content\/uploads\/2020\/06\/logo-Amistanca600.jpg","url":"https:\/\/www.amistanca.fr\/wp-content\/uploads\/2020\/06\/logo-Amistanca600.jpg","width":599,"height":200}},"image":{"@type":"ImageObject","@id":"https:\/\/www.amistanca.fr\/wp-content\/uploads\/2020\/05\/covid.jpg","url":"https:\/\/www.amistanca.fr\/wp-content\/uploads\/2020\/05\/covid.jpg","height":562,"width":1559},"url":"https:\/\/www.amistanca.fr\/es\/arte-y-cultura-movilizacion-y-cooperacion-contra-covid-19-en-francia\/","about":["Noticias"],"wordCount":708,"articleBody":"\t\t\t\t\t[et_pb_section fb_built=\u00bb1&#8243; _builder_version=\u00bb4.4.6&#8243; custom_padding=\u00bb8px||6px|||\u00bb background_color=\u00bbrgba(0,0,0,0)\u00bb hover_enabled=\u00bb0&#8243;][et_pb_row _builder_version=\u00bb4.4.6&#8243; custom_padding=\u00bb17px||11px|||\u00bb hover_enabled=\u00bb0&#8243; width=\u00bb100%\u00bb][et_pb_column type=\u00bb4_4&#8243; _builder_version=\u00bb4.4.4&#8243;][et_pb_text _builder_version=\u00bb4.4.6&#8243; custom_padding=\u00bb|15px||25px|false|false\u00bb]Est-ce trop demander que de la coh\u00e9rence, Monsieur le Pr\u00e9sident, Monsieur le Premier Ministre, Monsieur le Ministre ?Depuis les premi\u00e8res restrictions d\u2019activit\u00e9 des salles de spectacle, le 9 mars, les annonces pr\u00e9sidentielles et gouvernementales concernant les activit\u00e9s artistiques et culturelles s&#8217;encha\u00eenent de mani\u00e8re erratique.Comment peut-on affirmer le 16 avril que de \u00ab petits festivals \u00bb pourraient se tenir \u00e0 partir du 11 mai, comme si ces milliers d\u2019\u00e9v\u00e9nements \u00e9taient en mesure de s&#8217;adapter d&#8217;un jour \u00e0 l&#8217;autre \u00e0 de nouvelles conditions d&#8217;accueil, alors qu&#8217;aujourd\u2019hui la quasi-totalit\u00e9 des festivals d\u2019\u00e9t\u00e9 est annul\u00e9e et que les festivals d&#8217;automne n\u2019ont \u00e0 ce jour aucune visibilit\u00e9 quant aux conditions de leur tenue ?Comment peut-on annoncer le 15 mai que la F\u00eate de la musique aura bien lieu, que les parcs \u00e0 th\u00e8mes et les lieux de cultes rouvrent, alors que l\u2019ensemble de nos \u00e9tablissements sont ferm\u00e9s au public, qu\u2019aucun atelier de pratiques artistiques de proximit\u00e9 n\u2019est autoris\u00e9, qu\u2019aucune \u00e9quipe artistique n\u2019a pu r\u00e9ellement reprendre son activit\u00e9, et que la plupart des salles de spectacle ou de concert n\u2019envisagent aucune reprise possible de la diffusion avant janvier 2021 ?Comment peut-on interdire les \u00e9v\u00e9nements de plus de 5.000 personnes jusqu\u2019au 1er septembre, les regroupements de plus de 10 personnes jusqu\u2019au 2 juin, sans limitations interm\u00e9diaires \u00e0 venir, et rouvrir le Puy du Fou ?Comment peut-on faire de telles annonces alors qu&#8217;elles sont en totale contradiction avec les protocoles sanitaires promus par le minist\u00e8re de la Culture pour l\u2019ensemble des pratiques artistiques et culturelles, pour la tenue des festivals et la r\u00e9ouverture des lieux au public ?Comment peut-on \u00eatre autant d\u00e9connect\u00e9 de nos r\u00e9alit\u00e9s professionnelles, de nos calendriers, de nos outils de travail ?Comment peut-on annoncer le 6 mai des mesures pour la culture (prolongation des droits pour les intermittents du spectacle, commandes publiques massives pour les cr\u00e9ateurs, fonds festivals&#8230;) et n&#8217;en n\u2019avoir, trois semaines apr\u00e8s, aucune traduction concr\u00e8te ?Comment peut-on \u00ab refonder une ambition culturelle pour la France \u00bb en \u00ab lib\u00e9rant les \u00e9nergies cr\u00e9atrices et en donnant aux artistes confiance et visibilit\u00e9 \u00bb sans qu&#8217;aucune mesure s\u00e9rieuse de politique publique ne soit prise ?Les signatairesACTES IF &#8211; R\u00e9seau solidaire de lieux culturels franciliensAJC &#8211; Association Jazz\u00e9 Crois\u00e9CITI &#8211; Centre International pour les Th\u00e9\u00e2tres Itin\u00e9rantsFAMDT &#8211; F\u00e9d\u00e9ration des acteurs et Actrices de Musiques et Danses TraditionnellesFEDELIMA &#8211; F\u00e9d\u00e9ration de lieux de musiques actuellesFERAROCK &#8211; F\u00e9d\u00e9ration des Radios Associatives Musiques actuellesLa F\u00e9d\u00e9ration de l&#8217;Art UrbainFNAR &#8211; F\u00e9d\u00e9ration nationale des arts de la rueFNEIJMA &#8211; F\u00e9d\u00e9ration Nationale des Ecoles d\u2019Influence Jazz et Musiques actuellesFrance Festivals &#8211; F\u00e9d\u00e9ration des festivals de musique et du spectacle vivantFRACA-MA &#8211; P\u00f4le r\u00e9gion Centre-Val de Loire musiques actuellesGRAND BUREAU &#8211; R\u00e9seau musiques actuelles Auvergne-Rh\u00f4ne-AlpesOCTOPUS &#8211; F\u00e9d\u00e9ration des Musiques Actuelles en OccitanieOPALE &#8211; Organisation pour Projets Alternatifs d&#8217;EntreprisePAM &#8211; P\u00f4le de coop\u00e9ration des Acteurs de la fili\u00e8re Musicale en R\u00e9gion SudLe P\u00f4le &#8211; P\u00f4le de coop\u00e9ration des acteurs pour les musiques actuelles en Pays de la LoireRIF &#8211; R\u00e9seau des Musiques Actuelles en Ile-de-FranceRIM \u2013 R\u00e9seau des ind\u00e9pendants de la musiqueLe R\u00e9seau Musiques Actuelles Grand EstSCC &#8211; Syndicat des Compagnies et Cirque de Cr\u00e9ationSMA &#8211; Syndicat des Musiques ActuellesSYNAVI &#8211; Syndicat national des arts vivantsTHEMAA &#8211; Association Nationale des Th\u00e9\u00e2tres de Marionnettes et des Arts associ\u00e9sUFISC&#8211; Union F\u00e9d\u00e9rale d&#8217;Intervention des Structures CulturellesZONE FRANCHE &#8211; R\u00e9seau des musiques du mondeCommuniqu\u00e9 du 26 mai 2020 Plus d\u2019informations : UFISC \u2013 coordinationt@ufisc.org[\/et_pb_text][et_pb_text _builder_version=\u00bb4.4.6&#8243;]Texte \u00e0 T\u00e9l\u00e9charger et partager MOBILISATION ARTCULTURE du 26 mai 2020[\/et_pb_text][\/et_pb_column][\/et_pb_row][\/et_pb_section]\t\t\t\t"},{"@context":"https:\/\/schema.org\/","@type":"BreadcrumbList","itemListElement":[{"@type":"ListItem","position":1,"name":"Es","item":"https:\/\/www.amistanca.fr\/es\/#breadcrumbitem"},{"@type":"ListItem","position":2,"name":"Arte y cultura movilizaci\u00f3n y cooperaci\u00f3n contra covid-19 en Francia","item":"https:\/\/www.amistanca.fr\/es\/arte-y-cultura-movilizacion-y-cooperacion-contra-covid-19-en-francia\/#breadcrumbitem"}]}]