[{"@context":"https:\/\/schema.org\/","@type":"Article","@id":"https:\/\/www.amistanca.fr\/companhia-crestian-josuer\/documents-photos-videos-crestian-josuer\/#Article","mainEntityOfPage":"https:\/\/www.amistanca.fr\/companhia-crestian-josuer\/documents-photos-videos-crestian-josuer\/","headline":"Documents &#8211; Photos &#8211; Vid\u00e9os &#8211; La Companhia Crestian Josu\u00e8r","name":"Documents &#8211; Photos &#8211; Vid\u00e9os &#8211; La Companhia Crestian Josu\u00e8r","description":"[et_pb_section fb_built=\u00a0\u00bb1&Prime; _builder_version=\u00a0\u00bb4.4.5&Prime; custom_padding=\u00a0\u00bb20px||19px|||\u00a0\u00bb global_colors_info=\u00a0\u00bb{}\u00a0\u00bb][et_pb_row _builder_version=\u00a0\u00bb4.4.5&Prime; custom_padding=\u00a0\u00bb11px||2px|||\u00a0\u00bb global_colors_info=\u00a0\u00bb{}\u00a0\u00bb][et_pb_column type=\u00a0\u00bb4_4&Prime; _builder_version=\u00a0\u00bb4.4.5&Prime; global_colors_info=\u00a0\u00bb{}\u00a0\u00bb][et_pb_post_title meta=\u00a0\u00bboff\u00a0\u00bb featured_image=\u00a0\u00bboff\u00a0\u00bb _builder_version=\u00a0\u00bb4.4.5&Prime; global_colors_info=\u00a0\u00bb{}\u00a0\u00bb][\/et_pb_post_title][\/et_pb_column][\/et_pb_row][\/et_pb_section][et_pb_section fb_built=\u00a0\u00bb1&Prime; specialty=\u00a0\u00bbon\u00a0\u00bb _builder_version=\u00a0\u00bb4.4.7&Prime; custom_padding=\u00a0\u00bb21px||1px|||\u00a0\u00bb global_colors_info=\u00a0\u00bb{}\u00a0\u00bb][et_pb_column type=\u00a0\u00bb1_2&Prime; specialty_columns=\u00a0\u00bb2&Prime; _builder_version=\u00a0\u00bb3.25&Prime; custom_padding=\u00a0\u00bb|||\u00a0\u00bb global_colors_info=\u00a0\u00bb{}\u00a0\u00bb custom_padding__hover=\u00a0\u00bb|||\u00a0\u00bb][et_pb_row_inner _builder_version=\u00a0\u00bb4.4.8&Prime; custom_padding=\u00a0\u00bb11px||10px|||\u00a0\u00bb global_colors_info=\u00a0\u00bb{}\u00a0\u00bb][et_pb_column_inner saved_specialty_column_type=\u00a0\u00bb1_2&Prime; _builder_version=\u00a0\u00bb4.4.8&Prime; global_colors_info=\u00a0\u00bb{}\u00a0\u00bb][et_pb_text _builder_version=\u00a0\u00bb4.4.8&Prime; global_colors_info=\u00a0\u00bb{}\u00a0\u00bb]Indispensables compl\u00e9ments des disques[\/et_pb_text][\/et_pb_column_inner][\/et_pb_row_inner][et_pb_row_inner column_structure=\u00a0\u00bb1_2,1_2&Prime; _builder_version=\u00a0\u00bb4.4.7&Prime; custom_margin=\u00a0\u00bb28px|||||\u00a0\u00bb custom_padding=\u00a0\u00bb9px|5px|11px|8px|false|false\u00a0\u00bb box_shadow_style=\u00a0\u00bbpreset1&Prime; box_shadow_spread=\u00a0\u00bb-9px\u00a0\u00bb global_colors_info=\u00a0\u00bb{}\u00a0\u00bb][et_pb_column_inner type=\u00a0\u00bb1_2&Prime; saved_specialty_column_type=\u00a0\u00bb1_2&Prime; _builder_version=\u00a0\u00bb4.4.7&Prime; global_colors_info=\u00a0\u00bb{}\u00a0\u00bb][et_pb_text _builder_version=\u00a0\u00bb4.4.7&Prime; global_colors_info=\u00a0\u00bb{}\u00a0\u00bb]D\u00e9couvrez les compl\u00e9ments \u00e0 t\u00e9l\u00e9charger indispensables [&hellip;]","datePublished":"2020-05-03","dateModified":"2022-02-27","author":{"@type":"Person","@id":"https:\/\/www.amistanca.fr\/author\/administrateur64\/#Person","name":"Administrateur64","url":"https:\/\/www.amistanca.fr\/author\/administrateur64\/","image":{"@type":"ImageObject","@id":"https:\/\/secure.gravatar.com\/avatar\/d4b0260615045383d328d131c3f5f3af?s=96&d=mm&r=g","url":"https:\/\/secure.gravatar.com\/avatar\/d4b0260615045383d328d131c3f5f3af?s=96&d=mm&r=g","height":96,"width":96}},"publisher":{"@type":"Organization","name":"Amistan\u00e7a | Amistanza","logo":{"@type":"ImageObject","@id":"https:\/\/www.amistanca.fr\/wp-content\/uploads\/2020\/06\/logo-Amistanca600.jpg","url":"https:\/\/www.amistanca.fr\/wp-content\/uploads\/2020\/06\/logo-Amistanca600.jpg","width":599,"height":200}},"url":"https:\/\/www.amistanca.fr\/companhia-crestian-josuer\/documents-photos-videos-crestian-josuer\/"},{"@context":"https:\/\/schema.org","@type":"BreadcrumbList","itemListElement":[{"@type":"ListItem","position":1,"name":"Companhia  Crestian Josu\u00e8r","item":"https:\/\/www.amistanca.fr\/companhia-crestian-josuer\/#breadcrumbitem"},{"@type":"ListItem","position":2,"name":"Documents &#8211; Photos &#8211; Vid\u00e9os &#8211; La Companhia Crestian Josu\u00e8r","item":"https:\/\/www.amistanca.fr\/companhia-crestian-josuer\/documents-photos-videos-crestian-josuer\/#breadcrumbitem"}]}]